{"id":4,"__str__":"CESM - Comiss\u00e3o de Educa\u00e7\u00e3o, Cultura, Sa\u00fade e Meio Ambiente","link_detail_backend":"/comissao/4","metadata":{},"nome":"Comiss\u00e3o de Educa\u00e7\u00e3o, Cultura, Sa\u00fade e Meio Ambiente","sigla":"CESM","data_criacao":"2025-02-17","data_extincao":"2026-12-31","apelido_temp":"","data_instalacao_temp":null,"data_final_prevista_temp":null,"data_prorrogada_temp":null,"data_fim_comissao":null,"secretario":"","telefone_reuniao":"","endereco_secretaria":"","telefone_secretaria":"","fax_secretaria":"","agenda_reuniao":"","local_reuniao":"","finalidade":"a \u2013 preserva\u00e7\u00e3o e prote\u00e7\u00e3o da cultura popular;\r\n b \u2013 tradi\u00e7\u00f5es do Munic\u00edpio; \r\nc \u2013 desenvolvimento cultural; \r\nd \u2013 assuntos atinentes \u00e0 educa\u00e7\u00e3o e ao ensino; \r\ne \u2013 desporto e lazer; \r\nf \u2013 crian\u00e7a, adolescente e idoso; \r\ng \u2013 assist\u00eancia social; \r\nh \u2013 sa\u00fade;\r\n i \u2013 qualidade dos alimentos e defesa do consumidor;\r\n j \u2013 meio-ambiente, recursos naturais renov\u00e1vel, flora, fauna e solo.","email":"","unidade_deliberativa":true,"ativa":true,"tipo":4}