{"id":12,"__str__":"Projeto de Resolu\u00e7\u00e3o n\u00ba 1 de 2025","link_detail_backend":"/materia/12","metadata":{},"numero":1,"ano":2025,"numero_protocolo":4,"data_apresentacao":"2025-06-02","tipo_apresentacao":"","data_publicacao":null,"numero_origem_externa":"","ano_origem_externa":null,"data_origem_externa":null,"apelido":"","dias_prazo":null,"data_fim_prazo":null,"em_tramitacao":false,"polemica":false,"objeto":"","complementar":false,"ementa":"DISP\u00d5E SOBRE A DENOMINA\u00c7\u00c3O DA GALERIA DA C\u00c2MARA MUNICIPAL DE HELI\u00d3POLIS EM HOMENAGEM P\u00d3STUMA AO VICE-PREFEITO ANT\u00d4NIO RODRIGUES DE OLIVEIRA (CL\u00d3VIS DE DULCE).","indexacao":"","observacao":"","resultado":"","texto_original":null,"data_ultima_atualizacao":"2025-06-02T10:19:20.405625-03:00","ip":"177.155.151.236","ultima_edicao":"2025-06-02T10:19:20.404371-03:00","tipo":6,"regime_tramitacao":1,"tipo_origem_externa":null,"local_origem_externa":null,"user":4,"anexadas":[],"autores":[19]}